[{"@context":"https:\/\/schema.org\/","@type":"Article","@id":"https:\/\/pshs.cz\/v-nabidce-nechybi-frote-rucniky-a-osusky\/#Article","mainEntityOfPage":"https:\/\/pshs.cz\/v-nabidce-nechybi-frote-rucniky-a-osusky\/","headline":"V nab\u00eddce nechyb\u00ed frot\u00e9 ru\u010dn\u00edky a osu\u0161ky","name":"V nab\u00eddce nechyb\u00ed frot\u00e9 ru\u010dn\u00edky a osu\u0161ky","description":"R\u00e1di bychom v\u00e1m poskytli informace o modern\u00edm a vysoce kvalitn\u00edm oble\u010den\u00ed, kter\u00e9 u n\u00e1s mohou v\u0161ichni z\u00e1kazn\u00edci zakoupit. U n\u00e1s dostanete nap\u0159\u00edklad tri\u010dka. Jsou ve v\u0161ech barv\u00e1ch i velikostech. \u010cekaj\u00ed na v\u00e1s i mikiny, poloko\u0161ile hladk\u00e9, poloko\u0161ile pik\u00e9, \u010depice, ale i n\u00e1\u0161 reklamn\u00ed textil. Co si od n\u00e1s odnesete, bude z\u00e1le\u017eet pouze a jedin\u011b na [&hellip;]","datePublished":"2025-08-16","dateModified":"2025-08-16","author":{"@type":"Person","@id":"https:\/\/pshs.cz\/author\/#Person","name":"","url":"https:\/\/pshs.cz\/author\/","identifier":1,"image":{"@type":"ImageObject","@id":"https:\/\/secure.gravatar.com\/avatar\/2d2e3fdaba6370eba756fb4048c695326686ff29010a0df4d58b27c20544521d?s=96&d=mm&r=g","url":"https:\/\/secure.gravatar.com\/avatar\/2d2e3fdaba6370eba756fb4048c695326686ff29010a0df4d58b27c20544521d?s=96&d=mm&r=g","height":96,"width":96}},"publisher":{"@type":"Organization","name":"pshs.cz","logo":{"@type":"ImageObject","@id":"\/logo.png","url":"\/logo.png","width":600,"height":60}},"url":"https:\/\/pshs.cz\/v-nabidce-nechybi-frote-rucniky-a-osusky\/","wordCount":177,"articleBody":"R\u00e1di bychom v\u00e1m poskytli informace o modern\u00edm a vysoce kvalitn\u00edm oble\u010den\u00ed, kter\u00e9 u n\u00e1s mohou v\u0161ichni z\u00e1kazn\u00edci zakoupit. U n\u00e1s dostanete nap\u0159\u00edklad tri\u010dka. Jsou ve v\u0161ech barv\u00e1ch i velikostech. \u010cekaj\u00ed na v\u00e1s i mikiny, poloko\u0161ile hladk\u00e9, poloko\u0161ile pik\u00e9, \u010depice, ale i n\u00e1\u0161 reklamn\u00ed textil. Co si od n\u00e1s odnesete, bude z\u00e1le\u017eet pouze a jedin\u011b na v\u00e1s samotn\u00fdch. Vol\u00edme individu\u00e1ln\u00ed p\u0159\u00edstup k z\u00e1kazn\u00edk\u016fm Zab\u00fdv\u00e1me se prodejem reklamn\u00edho textilu, jako\u017e i dal\u0161\u00edho zbo\u017e\u00ed. V\u0161ichni ocen\u00edte zejm\u00e9na prvot\u0159\u00eddn\u00ed kvalitu n\u00e1mi nab\u00edzen\u00fdch v\u00fdrobk\u016f. P\u0159ij\u010fte a sami se p\u0159esv\u011bd\u010dte, co si m\u016f\u017eete po\u0159\u00eddit. Na\u0161e zbo\u017e\u00ed jist\u011b p\u0159isp\u011bje k obohacen\u00ed a roz\u0161\u00ed\u0159en\u00ed va\u0161eho \u0161atn\u00edku. Objednan\u00e9 o\u0161acen\u00ed v\u00e1m dod\u00e1me velmi rychle, a to do druh\u00e9ho pracovn\u00edho dne. M\u016f\u017eete je obdr\u017eet i na dob\u00edrku.                                                                                                                                                                                                                                                                                                                                                                                                "},{"@context":"https:\/\/schema.org\/","@type":"BreadcrumbList","itemListElement":[{"@type":"ListItem","position":1,"name":"V nab\u00eddce nechyb\u00ed frot\u00e9 ru\u010dn\u00edky a osu\u0161ky","item":"https:\/\/pshs.cz\/v-nabidce-nechybi-frote-rucniky-a-osusky\/#breadcrumbitem"}]}]